{"id":64076,"date":"2022-05-02T11:00:18","date_gmt":"2022-05-02T09:00:18","guid":{"rendered":"http:\/\/www.koenigswinter-cognac.de\/?p=64076"},"modified":"2022-05-10T10:09:53","modified_gmt":"2022-05-10T08:09:53","slug":"was-tun-wir-wenn-es-am-14-07-regnet","status":"publish","type":"post","link":"https:\/\/www.koenigswinter-cognac.de\/index.php\/was-tun-wir-wenn-es-am-14-07-regnet\/","title":{"rendered":"Erster Partnerschaftsbesuch seit Pandemiebeginn &#8211; Cognacer in K\u00f6nigswinter"},"content":{"rendered":"<p>Lange hat man darauf gewartet; nun war es endlich soweit. Vom 29. April bis zum 04. Mai fand der erste Besuch von Cognacer B\u00fcrgern in K\u00f6nigswinter seit Beginn der Corona-Pandemie statt. Gro\u00df war die Freude, als die Cognacer, die allesamt bei befreundeten Familien untergebracht sind, eintrafen. Nach einem gemeinsamen Besuch auf dem Drachenfels ging es zum Empfang der Stadt K\u00f6nigswinter auf der Dianenterrasse von Schloss Drachenburg (Foto: Frank Homann). In Ihren Ansprachen hoben die beiden B\u00fcrgermeister von Cognac (Morgan Berger) und K\u00f6nigswinter (Lutz Wagner) die Bedeutung der internationalen Beziehungen, insbesondere der zwischen Frankreich und Deutschland hervor. Eine gemeinsame Schiffstour bei sehr guter Stimmung rundete den gelungenen Tag ab. Die Cognacer Freunde fuhren im Rahmen ihres Besuchs nach D\u00fcsseldorf und zur Burg Eltz. Dieses Treffen von B\u00fcrgern der beiden Partnerst\u00e4dte hat dazu beigetragen, die bereits bestehenden Beziehungen zu vertiefen und auch neue zu kn\u00fcpfen.<\/p>\n<p><a href=\"https:\/\/www.koenigswinter-cognac.de\/wp-content\/uploads\/2022\/05\/20220502-GA-zum-Besuch-der-Cognacer.pdf\">Zum Bericht des General-Anzeigers Bonn vom 02. Mai 2022<\/a><\/p>\n","protected":false},"excerpt":{"rendered":"<p>Lange hat man darauf gewartet; nun war es endlich soweit. Vom 29. April bis zum 04. Mai fand der erste Besuch von Cognacer B\u00fcrgern in K\u00f6nigswinter seit Beginn der Corona-Pandemie statt. Gro\u00df war die Freude, als die Cognacer, die allesamt bei befreundeten Familien untergebracht sind, eintrafen. Nach einem gemeinsamen Besuch auf dem Drachenfels ging es zum Empfang der Stadt K\u00f6nigswinter auf der Dianenterrasse von Schloss Drachenburg (Foto: Frank Homann). In Ihren Ansprachen hoben die beiden B\u00fcrgermeister von Cognac (Morgan Berger) und K\u00f6nigswinter (Lutz Wagner) die Bedeutung der internationalen Beziehungen, insbesondere der zwischen Frankreich und Deutschland hervor. Eine gemeinsame Schiffstour bei sehr guter Stimmung rundete den gelungenen Tag ab. Die Cognacer Freunde fuhren im Rahmen ihres Besuchs nach D\u00fcsseldorf und zur Burg Eltz. Dieses Treffen von B\u00fcrgern der beiden Partnerst\u00e4dte hat dazu beigetragen, die bereits bestehenden Beziehungen zu vertiefen und auch neue zu kn\u00fcpfen.<br \/>\n<a href=\"https:\/\/www.koenigswinter-cognac.de\/wp-content\/uploads\/2022\/05\/20220502-GA-zum-Besuch-der-Cognacer.pdf\">Zum Bericht des General-Anzeigers Bonn vom 02. Mai 2022<\/a><\/p>\n","protected":false},"author":3,"featured_media":69281,"comment_status":"open","ping_status":"open","sticky":false,"template":"","format":"aside","meta":{"footnotes":""},"categories":[159,136],"tags":[],"class_list":["post-64076","post","type-post","status-publish","format-aside","has-post-thumbnail","hentry","category-159","category-neuigkeiten","post_format-post-format-aside"],"_links":{"self":[{"href":"https:\/\/www.koenigswinter-cognac.de\/index.php\/wp-json\/wp\/v2\/posts\/64076","targetHints":{"allow":["GET"]}}],"collection":[{"href":"https:\/\/www.koenigswinter-cognac.de\/index.php\/wp-json\/wp\/v2\/posts"}],"about":[{"href":"https:\/\/www.koenigswinter-cognac.de\/index.php\/wp-json\/wp\/v2\/types\/post"}],"author":[{"embeddable":true,"href":"https:\/\/www.koenigswinter-cognac.de\/index.php\/wp-json\/wp\/v2\/users\/3"}],"replies":[{"embeddable":true,"href":"https:\/\/www.koenigswinter-cognac.de\/index.php\/wp-json\/wp\/v2\/comments?post=64076"}],"version-history":[{"count":6,"href":"https:\/\/www.koenigswinter-cognac.de\/index.php\/wp-json\/wp\/v2\/posts\/64076\/revisions"}],"predecessor-version":[{"id":69284,"href":"https:\/\/www.koenigswinter-cognac.de\/index.php\/wp-json\/wp\/v2\/posts\/64076\/revisions\/69284"}],"wp:featuredmedia":[{"embeddable":true,"href":"https:\/\/www.koenigswinter-cognac.de\/index.php\/wp-json\/wp\/v2\/media\/69281"}],"wp:attachment":[{"href":"https:\/\/www.koenigswinter-cognac.de\/index.php\/wp-json\/wp\/v2\/media?parent=64076"}],"wp:term":[{"taxonomy":"category","embeddable":true,"href":"https:\/\/www.koenigswinter-cognac.de\/index.php\/wp-json\/wp\/v2\/categories?post=64076"},{"taxonomy":"post_tag","embeddable":true,"href":"https:\/\/www.koenigswinter-cognac.de\/index.php\/wp-json\/wp\/v2\/tags?post=64076"}],"curies":[{"name":"wp","href":"https:\/\/api.w.org\/{rel}","templated":true}]}}