{"id":70152,"date":"2023-07-12T09:16:15","date_gmt":"2023-07-12T07:16:15","guid":{"rendered":"http:\/\/www.koenigswinter-cognac.de\/?p=70152"},"modified":"2023-07-12T09:16:15","modified_gmt":"2023-07-12T07:16:15","slug":"nach-coronapause-endlich-wieder-reise-nach-cognac","status":"publish","type":"post","link":"https:\/\/www.koenigswinter-cognac.de\/index.php\/nach-coronapause-endlich-wieder-reise-nach-cognac\/","title":{"rendered":"Nach Coronapause: Endlich wieder Reise nach Cognac"},"content":{"rendered":"<p>Nach 4 Jahren erzwungener Pause machten sich die Mitglieder des PV K\u00f6nigswinter &#8211; Cognac dieses Jahr wieder auf die Reise nach Cognac.<\/p>\n<p>Mit gro\u00dfer Herzlichkeit wurden die 36 K\u00f6nigswinterer empfangen, nicht zuletzt auch von B\u00fcrgermeister Morgan Berger, der zum Ap\u00e9ritif ins Rathaus und anschlie\u00dfend zum Buffet ins Schloss einlud. Als Gastgeschenke hatten die K\u00f6nigswinterer Weinbecher mit den Symbolen der beiden St\u00e4dte, dem Drachen und dem Salamander, mitgebracht.<\/p>\n<p>Das interessante Besuchsprogramm f\u00fchrte die K\u00f6nigswinterer nach Tours, Saintes und in die \u00a0alte Porzellanstadt Limoges.<\/p>\n<p>Auf dem Partnerschaftsabend, einem gemeinsamen Essen von Deutschen und ihren franz\u00f6sischen Gastgebern, wurde die langj\u00e4hrige Verantwortliche f\u00fcr den Austausch mit K\u00f6nigswinter, Chantal Raimond, verabschiedet. Alle Verantwortlichen betonten die Wichtigkeit der Partnerschaft und des pers\u00f6nlichen Austauschs. Rundum zufrieden nahmen die K\u00f6nigswinter Abschied von den franz\u00f6sischen Freunden.<\/p>\n<p>Alle Teilnehmer freuen sich auf den Besuch der Franzosen in K\u00f6nigswinter im n\u00e4chsten Jahr.<\/p>\n<p>&nbsp;<\/p>\n<p>Das Bild zeigt die Gruppe aus K\u00f6nigswinter mit ihren franz\u00f6sischen Freunden<\/p>\n","protected":false},"excerpt":{"rendered":"<p>Nach 4 Jahren erzwungener Pause machten sich die Mitglieder des PV K\u00f6nigswinter &#8211; Cognac dieses Jahr wieder auf die Reise nach Cognac.<br \/>\nMit gro\u00dfer Herzlichkeit wurden die 36 K\u00f6nigswinterer empfangen, nicht zuletzt auch von B\u00fcrgermeister Morgan Berger, der zum Ap\u00e9ritif ins Rathaus und anschlie\u00dfend zum Buffet ins Schloss einlud. Als Gastgeschenke hatten die K\u00f6nigswinterer Weinbecher mit den Symbolen der beiden St\u00e4dte, dem Drachen und dem Salamander, mitgebracht.<br \/>\nDas interessante Besuchsprogramm f\u00fchrte die K\u00f6nigswinterer nach Tours, Saintes und in die \u00a0alte Porzellanstadt Limoges.<br \/>\nAuf dem Partnerschaftsabend, einem gemeinsamen Essen von Deutschen und ihren franz\u00f6sischen Gastgebern, wurde die langj\u00e4hrige Verantwortliche f\u00fcr den Austausch mit K\u00f6nigswinter, Chantal Raimond, verabschiedet. Alle Verantwortlichen betonten die Wichtigkeit der Partnerschaft und des pers\u00f6nlichen Austauschs. Rundum zufrieden nahmen die K\u00f6nigswinter Abschied von den franz\u00f6sischen Freunden.<br \/>\nAlle Teilnehmer freuen sich auf den Besuch der Franzosen in K\u00f6nigswinter im n\u00e4chsten Jahr.<br \/>\n&nbsp;<br \/>\nDas Bild zeigt die Gruppe aus K\u00f6nigswinter mit ihren franz\u00f6sischen Freunden<\/p>\n","protected":false},"author":1,"featured_media":70151,"comment_status":"open","ping_status":"open","sticky":false,"template":"","format":"aside","meta":{"footnotes":""},"categories":[160,136],"tags":[],"class_list":["post-70152","post","type-post","status-publish","format-aside","has-post-thumbnail","hentry","category-160","category-neuigkeiten","post_format-post-format-aside"],"_links":{"self":[{"href":"https:\/\/www.koenigswinter-cognac.de\/index.php\/wp-json\/wp\/v2\/posts\/70152","targetHints":{"allow":["GET"]}}],"collection":[{"href":"https:\/\/www.koenigswinter-cognac.de\/index.php\/wp-json\/wp\/v2\/posts"}],"about":[{"href":"https:\/\/www.koenigswinter-cognac.de\/index.php\/wp-json\/wp\/v2\/types\/post"}],"author":[{"embeddable":true,"href":"https:\/\/www.koenigswinter-cognac.de\/index.php\/wp-json\/wp\/v2\/users\/1"}],"replies":[{"embeddable":true,"href":"https:\/\/www.koenigswinter-cognac.de\/index.php\/wp-json\/wp\/v2\/comments?post=70152"}],"version-history":[{"count":1,"href":"https:\/\/www.koenigswinter-cognac.de\/index.php\/wp-json\/wp\/v2\/posts\/70152\/revisions"}],"predecessor-version":[{"id":70153,"href":"https:\/\/www.koenigswinter-cognac.de\/index.php\/wp-json\/wp\/v2\/posts\/70152\/revisions\/70153"}],"wp:featuredmedia":[{"embeddable":true,"href":"https:\/\/www.koenigswinter-cognac.de\/index.php\/wp-json\/wp\/v2\/media\/70151"}],"wp:attachment":[{"href":"https:\/\/www.koenigswinter-cognac.de\/index.php\/wp-json\/wp\/v2\/media?parent=70152"}],"wp:term":[{"taxonomy":"category","embeddable":true,"href":"https:\/\/www.koenigswinter-cognac.de\/index.php\/wp-json\/wp\/v2\/categories?post=70152"},{"taxonomy":"post_tag","embeddable":true,"href":"https:\/\/www.koenigswinter-cognac.de\/index.php\/wp-json\/wp\/v2\/tags?post=70152"}],"curies":[{"name":"wp","href":"https:\/\/api.w.org\/{rel}","templated":true}]}}