{"id":70358,"date":"2026-03-15T14:24:11","date_gmt":"2026-03-15T13:24:11","guid":{"rendered":"https:\/\/www.koenigswinter-cognac.de\/?p=70358"},"modified":"2026-03-15T14:24:11","modified_gmt":"2026-03-15T13:24:11","slug":"ein-fest-des-ehrenamts-der-ehrenamtstag-in-koenigswinter","status":"publish","type":"post","link":"https:\/\/www.koenigswinter-cognac.de\/index.php\/ein-fest-des-ehrenamts-der-ehrenamtstag-in-koenigswinter\/","title":{"rendered":"Ein Fest des Ehrenamts &#8211; Der Ehrenamtstag in K\u00f6nigswinter"},"content":{"rendered":"<p>Was f\u00fcr ein inspirierender Tag auf dem Markt der M\u00f6glichkeiten. Heute feiert K\u00f6nigswinter das Ehrenamt und wir, vom Partnerschaftsverein K\u00f6nigswinter &#8211; Cognac, waren mittendrin. Als Vorsitzende macht es mich besonders stolz zu sehen, wie lebendig unsere St\u00e4dtepartnerschaft ist.<\/p>\n<p>Unser Stand war heute so lebendig wie unser Programm<\/p>\n<ul>\n<li>Quiz-Spa\u00df: Wie gut kennt Ihr unsere Freunde in Frankreich wirklich?<\/li>\n<li>Action pur: Korken-Pong und Mini-Boule haben f\u00fcr ordentlich Stimmung gesorgt.<\/li>\n<\/ul>\n<p>Wir hatten fantastische Gespr\u00e4che \u00fcber neue Projekte, Reisen und die Bedeutung der deutsch-franz\u00f6sischen Freundschaft. Das Ehrenamt ist das Herz unserer Stadt, gelebte Demokratie &#8211; und die Br\u00fccke nach Europa! Ein riesiges Dankesch\u00f6n an alle, die vorbeigeschaut haben und an mein Team f\u00fcr diesen gelungenen Tag und die Organisation seitens der Stadt K\u00f6nigswinter und des Forum Ehrenamt.<\/p>\n<p>Herzlichen Gl\u00fcckwunsch an die tollen ehrenamtlich Engagierten und ihre Vereine, die heute mit dem Ehrenamtspreis ausgezeichnet wurden! &#8211; Bien m\u00e9rite!!! &#8211;<\/p>\n<p><em>14.03.2026\u00a0 \u00a0 \u00a0 Annette Mock<\/em><\/p>\n","protected":false},"excerpt":{"rendered":"<p>Was f\u00fcr ein inspirierender Tag auf dem Markt der M\u00f6glichkeiten. Heute feiert K\u00f6nigswinter das Ehrenamt und wir, vom Partnerschaftsverein K\u00f6nigswinter &#8211; Cognac, waren mittendrin. Als Vorsitzende macht es mich besonders stolz zu sehen, wie lebendig unsere St\u00e4dtepartnerschaft ist.<br \/>\nUnser Stand war heute so lebendig wie unser Programm<\/p>\n<p>Quiz-Spa\u00df: Wie gut kennt Ihr unsere Freunde in Frankreich wirklich?<br \/>\nAction pur: Korken-Pong und Mini-Boule haben f\u00fcr ordentlich Stimmung gesorgt.<\/p>\n<p>Wir hatten fantastische Gespr\u00e4che \u00fcber neue Projekte, Reisen und die Bedeutung der deutsch-franz\u00f6sischen Freundschaft. Das Ehrenamt ist das Herz unserer Stadt, gelebte Demokratie &#8211; und die Br\u00fccke nach Europa! Ein riesiges Dankesch\u00f6n an alle, die vorbeigeschaut haben und an mein Team f\u00fcr diesen gelungenen Tag und die Organisation seitens der Stadt K\u00f6nigswinter und des Forum Ehrenamt.<br \/>\nHerzlichen Gl\u00fcckwunsch an die tollen ehrenamtlich Engagierten und ihre Vereine, die heute mit dem Ehrenamtspreis ausgezeichnet wurden! &#8211; Bien m\u00e9rite!!! &#8211;<br \/>\n14.03.2026\u00a0 \u00a0 \u00a0 Annette Mock<\/p>\n","protected":false},"author":1,"featured_media":70357,"comment_status":"open","ping_status":"open","sticky":false,"template":"","format":"standard","meta":{"footnotes":""},"categories":[163,136],"tags":[],"class_list":["post-70358","post","type-post","status-publish","format-standard","has-post-thumbnail","hentry","category-163","category-neuigkeiten"],"_links":{"self":[{"href":"https:\/\/www.koenigswinter-cognac.de\/index.php\/wp-json\/wp\/v2\/posts\/70358","targetHints":{"allow":["GET"]}}],"collection":[{"href":"https:\/\/www.koenigswinter-cognac.de\/index.php\/wp-json\/wp\/v2\/posts"}],"about":[{"href":"https:\/\/www.koenigswinter-cognac.de\/index.php\/wp-json\/wp\/v2\/types\/post"}],"author":[{"embeddable":true,"href":"https:\/\/www.koenigswinter-cognac.de\/index.php\/wp-json\/wp\/v2\/users\/1"}],"replies":[{"embeddable":true,"href":"https:\/\/www.koenigswinter-cognac.de\/index.php\/wp-json\/wp\/v2\/comments?post=70358"}],"version-history":[{"count":1,"href":"https:\/\/www.koenigswinter-cognac.de\/index.php\/wp-json\/wp\/v2\/posts\/70358\/revisions"}],"predecessor-version":[{"id":70359,"href":"https:\/\/www.koenigswinter-cognac.de\/index.php\/wp-json\/wp\/v2\/posts\/70358\/revisions\/70359"}],"wp:featuredmedia":[{"embeddable":true,"href":"https:\/\/www.koenigswinter-cognac.de\/index.php\/wp-json\/wp\/v2\/media\/70357"}],"wp:attachment":[{"href":"https:\/\/www.koenigswinter-cognac.de\/index.php\/wp-json\/wp\/v2\/media?parent=70358"}],"wp:term":[{"taxonomy":"category","embeddable":true,"href":"https:\/\/www.koenigswinter-cognac.de\/index.php\/wp-json\/wp\/v2\/categories?post=70358"},{"taxonomy":"post_tag","embeddable":true,"href":"https:\/\/www.koenigswinter-cognac.de\/index.php\/wp-json\/wp\/v2\/tags?post=70358"}],"curies":[{"name":"wp","href":"https:\/\/api.w.org\/{rel}","templated":true}]}}