{"id":7658,"date":"2014-07-08T17:32:17","date_gmt":"2014-07-08T15:32:17","guid":{"rendered":"http:\/\/www.koenigswinter-cognac.de\/Wordpress-2018\/?p=7658"},"modified":"2018-04-01T17:37:27","modified_gmt":"2018-04-01T15:37:27","slug":"kunst-im-sinne-der-staedtepartnerschaft","status":"publish","type":"post","link":"https:\/\/www.koenigswinter-cognac.de\/index.php\/kunst-im-sinne-der-staedtepartnerschaft\/","title":{"rendered":"Kunst im Sinne der St\u00e4dtepartnerschaft"},"content":{"rendered":"<p>Unter dem Titel &#8222;Mouvements en continu&#8220; stellte die Cognacer K\u00fcnstlerin Marie-Claire Pajeile ihre Werke im Haus Bachem in K\u00f6nigswinter aus.<\/p>\n<p>Der <a href=\"http:\/\/www.general-anzeiger-bonn.de\/region\/siebengebirge\/koenigswinter\/Kunst-im-Sinne-der-St\u00e4dtepartnerschaft-article1398995.html\">General-Anzeiger Bonn<\/a> berichtete in seiner Ausgabe vom 08.07.2014 \u00fcber Marie-Claire Pajeile und ihre Ausstellung<\/p>\n","protected":false},"excerpt":{"rendered":"<p>Unter dem Titel &#8222;Mouvements en continu&#8220; stellte die Cognacer K\u00fcnstlerin Marie-Claire Pajeile ihre Werke im Haus Bachem in K\u00f6nigswinter aus.<br \/>\nDer <a href=\"http:\/\/www.general-anzeiger-bonn.de\/region\/siebengebirge\/koenigswinter\/Kunst-im-Sinne-der-St\u00e4dtepartnerschaft-article1398995.html\">General-Anzeiger Bonn<\/a> berichtete in seiner Ausgabe vom 08.07.2014 \u00fcber Marie-Claire Pajeile und ihre Ausstellung<\/p>\n","protected":false},"author":3,"featured_media":7660,"comment_status":"open","ping_status":"open","sticky":false,"template":"","format":"aside","meta":{"footnotes":""},"categories":[150],"tags":[],"class_list":["post-7658","post","type-post","status-publish","format-aside","has-post-thumbnail","hentry","category-150","post_format-post-format-aside"],"_links":{"self":[{"href":"https:\/\/www.koenigswinter-cognac.de\/index.php\/wp-json\/wp\/v2\/posts\/7658","targetHints":{"allow":["GET"]}}],"collection":[{"href":"https:\/\/www.koenigswinter-cognac.de\/index.php\/wp-json\/wp\/v2\/posts"}],"about":[{"href":"https:\/\/www.koenigswinter-cognac.de\/index.php\/wp-json\/wp\/v2\/types\/post"}],"author":[{"embeddable":true,"href":"https:\/\/www.koenigswinter-cognac.de\/index.php\/wp-json\/wp\/v2\/users\/3"}],"replies":[{"embeddable":true,"href":"https:\/\/www.koenigswinter-cognac.de\/index.php\/wp-json\/wp\/v2\/comments?post=7658"}],"version-history":[{"count":4,"href":"https:\/\/www.koenigswinter-cognac.de\/index.php\/wp-json\/wp\/v2\/posts\/7658\/revisions"}],"predecessor-version":[{"id":7663,"href":"https:\/\/www.koenigswinter-cognac.de\/index.php\/wp-json\/wp\/v2\/posts\/7658\/revisions\/7663"}],"wp:featuredmedia":[{"embeddable":true,"href":"https:\/\/www.koenigswinter-cognac.de\/index.php\/wp-json\/wp\/v2\/media\/7660"}],"wp:attachment":[{"href":"https:\/\/www.koenigswinter-cognac.de\/index.php\/wp-json\/wp\/v2\/media?parent=7658"}],"wp:term":[{"taxonomy":"category","embeddable":true,"href":"https:\/\/www.koenigswinter-cognac.de\/index.php\/wp-json\/wp\/v2\/categories?post=7658"},{"taxonomy":"post_tag","embeddable":true,"href":"https:\/\/www.koenigswinter-cognac.de\/index.php\/wp-json\/wp\/v2\/tags?post=7658"}],"curies":[{"name":"wp","href":"https:\/\/api.w.org\/{rel}","templated":true}]}}