{"id":7665,"date":"2014-07-05T17:49:26","date_gmt":"2014-07-05T15:49:26","guid":{"rendered":"http:\/\/www.koenigswinter-cognac.de\/Wordpress-2018\/?p=7665"},"modified":"2018-04-01T17:51:04","modified_gmt":"2018-04-01T15:51:04","slug":"freude-an-der-sprache-wecken","status":"publish","type":"post","link":"https:\/\/www.koenigswinter-cognac.de\/index.php\/freude-an-der-sprache-wecken\/","title":{"rendered":"Freude an der Sprache wecken"},"content":{"rendered":"<p>Unter diesem Motto stand der diesj\u00e4hrige Vorlesewettbewerb im K\u00f6nigswinterer Gymnasium am \u00d6lberg.<\/p>\n<p>Der <a href=\"http:\/\/www.general-anzeiger-bonn.de\/region\/siebengebirge\/koenigswinter\/Freude-an-der-Sprache-wecken-article1398991.html\">General-Anzeiger Bonn<\/a> berichtete in seiner Ausgabe vom 05.07.2014<\/p>\n","protected":false},"excerpt":{"rendered":"<p>Unter diesem Motto stand der diesj\u00e4hrige Vorlesewettbewerb im K\u00f6nigswinterer Gymnasium am \u00d6lberg.<br \/>\nDer <a href=\"http:\/\/www.general-anzeiger-bonn.de\/region\/siebengebirge\/koenigswinter\/Freude-an-der-Sprache-wecken-article1398991.html\">General-Anzeiger Bonn<\/a> berichtete in seiner Ausgabe vom 05.07.2014<\/p>\n","protected":false},"author":3,"featured_media":7664,"comment_status":"open","ping_status":"open","sticky":false,"template":"","format":"aside","meta":{"footnotes":""},"categories":[150],"tags":[],"class_list":["post-7665","post","type-post","status-publish","format-aside","has-post-thumbnail","hentry","category-150","post_format-post-format-aside"],"_links":{"self":[{"href":"https:\/\/www.koenigswinter-cognac.de\/index.php\/wp-json\/wp\/v2\/posts\/7665","targetHints":{"allow":["GET"]}}],"collection":[{"href":"https:\/\/www.koenigswinter-cognac.de\/index.php\/wp-json\/wp\/v2\/posts"}],"about":[{"href":"https:\/\/www.koenigswinter-cognac.de\/index.php\/wp-json\/wp\/v2\/types\/post"}],"author":[{"embeddable":true,"href":"https:\/\/www.koenigswinter-cognac.de\/index.php\/wp-json\/wp\/v2\/users\/3"}],"replies":[{"embeddable":true,"href":"https:\/\/www.koenigswinter-cognac.de\/index.php\/wp-json\/wp\/v2\/comments?post=7665"}],"version-history":[{"count":1,"href":"https:\/\/www.koenigswinter-cognac.de\/index.php\/wp-json\/wp\/v2\/posts\/7665\/revisions"}],"predecessor-version":[{"id":7666,"href":"https:\/\/www.koenigswinter-cognac.de\/index.php\/wp-json\/wp\/v2\/posts\/7665\/revisions\/7666"}],"wp:featuredmedia":[{"embeddable":true,"href":"https:\/\/www.koenigswinter-cognac.de\/index.php\/wp-json\/wp\/v2\/media\/7664"}],"wp:attachment":[{"href":"https:\/\/www.koenigswinter-cognac.de\/index.php\/wp-json\/wp\/v2\/media?parent=7665"}],"wp:term":[{"taxonomy":"category","embeddable":true,"href":"https:\/\/www.koenigswinter-cognac.de\/index.php\/wp-json\/wp\/v2\/categories?post=7665"},{"taxonomy":"post_tag","embeddable":true,"href":"https:\/\/www.koenigswinter-cognac.de\/index.php\/wp-json\/wp\/v2\/tags?post=7665"}],"curies":[{"name":"wp","href":"https:\/\/api.w.org\/{rel}","templated":true}]}}