{"id":7704,"date":"2013-07-19T10:28:44","date_gmt":"2013-07-19T08:28:44","guid":{"rendered":"http:\/\/www.koenigswinter-cognac.de\/Wordpress-2018\/?p=7704"},"modified":"2018-04-02T10:29:13","modified_gmt":"2018-04-02T08:29:13","slug":"start-zum-staffellauf-nach-cognac","status":"publish","type":"post","link":"https:\/\/www.koenigswinter-cognac.de\/index.php\/start-zum-staffellauf-nach-cognac\/","title":{"rendered":"Start zum Staffellauf nach Cognac"},"content":{"rendered":"<p>Am 19. Juli 2013 startete ein Staffellauf in K\u00f6nigswinter, dessen Ziel die franz\u00f6sische Partnerstadt Cognac ist. 1300 km liegen vor den L\u00e4ufern.<\/p>\n<p>Der <a href=\"http:\/\/www.general-anzeiger-bonn.de\/region\/siebengebirge\/koenigswinter\/Elf-L\u00e4ufer-machten-sich-Freitagmorgen-auf-den-Weg-in-die-Partnerstadt-article1102156.html\">General-Anzeiger Bonn<\/a> berichtet vom Start.<\/p>\n","protected":false},"excerpt":{"rendered":"<p>Am 19. Juli 2013 startete ein Staffellauf in K\u00f6nigswinter, dessen Ziel die franz\u00f6sische Partnerstadt Cognac ist. 1300 km liegen vor den L\u00e4ufern.<br \/>\nDer <a href=\"http:\/\/www.general-anzeiger-bonn.de\/region\/siebengebirge\/koenigswinter\/Elf-L\u00e4ufer-machten-sich-Freitagmorgen-auf-den-Weg-in-die-Partnerstadt-article1102156.html\">General-Anzeiger Bonn<\/a> berichtet vom Start.<\/p>\n","protected":false},"author":3,"featured_media":7703,"comment_status":"open","ping_status":"open","sticky":false,"template":"","format":"aside","meta":{"footnotes":""},"categories":[149],"tags":[],"class_list":["post-7704","post","type-post","status-publish","format-aside","has-post-thumbnail","hentry","category-149","post_format-post-format-aside"],"_links":{"self":[{"href":"https:\/\/www.koenigswinter-cognac.de\/index.php\/wp-json\/wp\/v2\/posts\/7704","targetHints":{"allow":["GET"]}}],"collection":[{"href":"https:\/\/www.koenigswinter-cognac.de\/index.php\/wp-json\/wp\/v2\/posts"}],"about":[{"href":"https:\/\/www.koenigswinter-cognac.de\/index.php\/wp-json\/wp\/v2\/types\/post"}],"author":[{"embeddable":true,"href":"https:\/\/www.koenigswinter-cognac.de\/index.php\/wp-json\/wp\/v2\/users\/3"}],"replies":[{"embeddable":true,"href":"https:\/\/www.koenigswinter-cognac.de\/index.php\/wp-json\/wp\/v2\/comments?post=7704"}],"version-history":[{"count":1,"href":"https:\/\/www.koenigswinter-cognac.de\/index.php\/wp-json\/wp\/v2\/posts\/7704\/revisions"}],"predecessor-version":[{"id":7705,"href":"https:\/\/www.koenigswinter-cognac.de\/index.php\/wp-json\/wp\/v2\/posts\/7704\/revisions\/7705"}],"wp:featuredmedia":[{"embeddable":true,"href":"https:\/\/www.koenigswinter-cognac.de\/index.php\/wp-json\/wp\/v2\/media\/7703"}],"wp:attachment":[{"href":"https:\/\/www.koenigswinter-cognac.de\/index.php\/wp-json\/wp\/v2\/media?parent=7704"}],"wp:term":[{"taxonomy":"category","embeddable":true,"href":"https:\/\/www.koenigswinter-cognac.de\/index.php\/wp-json\/wp\/v2\/categories?post=7704"},{"taxonomy":"post_tag","embeddable":true,"href":"https:\/\/www.koenigswinter-cognac.de\/index.php\/wp-json\/wp\/v2\/tags?post=7704"}],"curies":[{"name":"wp","href":"https:\/\/api.w.org\/{rel}","templated":true}]}}