{"id":7716,"date":"2013-07-13T12:40:27","date_gmt":"2013-07-13T10:40:27","guid":{"rendered":"http:\/\/www.koenigswinter-cognac.de\/Wordpress-2018\/?p=7716"},"modified":"2018-04-02T12:40:56","modified_gmt":"2018-04-02T10:40:56","slug":"unbekannte-texte-beim-vorlesewettbewerb","status":"publish","type":"post","link":"https:\/\/www.koenigswinter-cognac.de\/index.php\/unbekannte-texte-beim-vorlesewettbewerb\/","title":{"rendered":"Unbekannte Texte beim Vorlesewettbewerb"},"content":{"rendered":"<p>Beim Vorlesewettbewerb 2013 im Gymnasium am \u00d6lberg lasen Sch\u00fcler der sechsten Klassen ihnen unbekannte franz\u00f6sische Texte vor. Die besten wurden ausgezeichnet.<\/p>\n<p>Der <a href=\"http:\/\/www.general-anzeiger-bonn.de\/region\/siebengebirge\/koenigswinter\/Sch\u00fcler-des-Gymnasiums-am-Oelberg-treten-zum-Vorlesewettbewerb-in-franz\u00f6sischer-Sprache-an-article1096623.html\">General-Anzeiger Bonn<\/a> berichtete in seiner Ausgabe vom 13.07.2013.<\/p>\n","protected":false},"excerpt":{"rendered":"<p>Beim Vorlesewettbewerb 2013 im Gymnasium am \u00d6lberg lasen Sch\u00fcler der sechsten Klassen ihnen unbekannte franz\u00f6sische Texte vor. Die besten wurden ausgezeichnet.<br \/>\nDer <a href=\"http:\/\/www.general-anzeiger-bonn.de\/region\/siebengebirge\/koenigswinter\/Sch\u00fcler-des-Gymnasiums-am-Oelberg-treten-zum-Vorlesewettbewerb-in-franz\u00f6sischer-Sprache-an-article1096623.html\">General-Anzeiger Bonn<\/a> berichtete in seiner Ausgabe vom 13.07.2013.<\/p>\n","protected":false},"author":3,"featured_media":7715,"comment_status":"open","ping_status":"open","sticky":false,"template":"","format":"aside","meta":{"footnotes":""},"categories":[149],"tags":[],"class_list":["post-7716","post","type-post","status-publish","format-aside","has-post-thumbnail","hentry","category-149","post_format-post-format-aside"],"_links":{"self":[{"href":"https:\/\/www.koenigswinter-cognac.de\/index.php\/wp-json\/wp\/v2\/posts\/7716","targetHints":{"allow":["GET"]}}],"collection":[{"href":"https:\/\/www.koenigswinter-cognac.de\/index.php\/wp-json\/wp\/v2\/posts"}],"about":[{"href":"https:\/\/www.koenigswinter-cognac.de\/index.php\/wp-json\/wp\/v2\/types\/post"}],"author":[{"embeddable":true,"href":"https:\/\/www.koenigswinter-cognac.de\/index.php\/wp-json\/wp\/v2\/users\/3"}],"replies":[{"embeddable":true,"href":"https:\/\/www.koenigswinter-cognac.de\/index.php\/wp-json\/wp\/v2\/comments?post=7716"}],"version-history":[{"count":1,"href":"https:\/\/www.koenigswinter-cognac.de\/index.php\/wp-json\/wp\/v2\/posts\/7716\/revisions"}],"predecessor-version":[{"id":7717,"href":"https:\/\/www.koenigswinter-cognac.de\/index.php\/wp-json\/wp\/v2\/posts\/7716\/revisions\/7717"}],"wp:featuredmedia":[{"embeddable":true,"href":"https:\/\/www.koenigswinter-cognac.de\/index.php\/wp-json\/wp\/v2\/media\/7715"}],"wp:attachment":[{"href":"https:\/\/www.koenigswinter-cognac.de\/index.php\/wp-json\/wp\/v2\/media?parent=7716"}],"wp:term":[{"taxonomy":"category","embeddable":true,"href":"https:\/\/www.koenigswinter-cognac.de\/index.php\/wp-json\/wp\/v2\/categories?post=7716"},{"taxonomy":"post_tag","embeddable":true,"href":"https:\/\/www.koenigswinter-cognac.de\/index.php\/wp-json\/wp\/v2\/tags?post=7716"}],"curies":[{"name":"wp","href":"https:\/\/api.w.org\/{rel}","templated":true}]}}