{"id":7729,"date":"2013-05-02T14:17:12","date_gmt":"2013-05-02T12:17:12","guid":{"rendered":"http:\/\/www.koenigswinter-cognac.de\/Wordpress-2018\/?p=7729"},"modified":"2018-04-02T14:17:35","modified_gmt":"2018-04-02T12:17:35","slug":"schueleraustausch-mit-cognac","status":"publish","type":"post","link":"https:\/\/www.koenigswinter-cognac.de\/index.php\/schueleraustausch-mit-cognac\/","title":{"rendered":"Sch\u00fcleraustausch mit Cognac"},"content":{"rendered":"<p>Es war einmal wieder soweit. Eine Gruppe von Cognacer Sch\u00fclern verbrachte eine Woche in K\u00f6nigswinter. Gemeinsame Aktivit\u00e4ten brachten die Jugendlichen n\u00e4her zusammen.<\/p>\n<p>Der <a href=\"http:\/\/www.general-anzeiger-bonn.de\/region\/siebengebirge\/koenigswinter\/Sch\u00fcler-aus-dem-franz\u00f6sischen-Cognac-zu-Gast-article1042968.html\">General-Anzeiger Bonn<\/a> berichtete in seiner Ausgabe vom 02.05.2013.<\/p>\n<p>Bild: Frank Homann<\/p>\n","protected":false},"excerpt":{"rendered":"<p>Es war einmal wieder soweit. Eine Gruppe von Cognacer Sch\u00fclern verbrachte eine Woche in K\u00f6nigswinter. Gemeinsame Aktivit\u00e4ten brachten die Jugendlichen n\u00e4her zusammen.<br \/>\nDer <a href=\"http:\/\/www.general-anzeiger-bonn.de\/region\/siebengebirge\/koenigswinter\/Sch\u00fcler-aus-dem-franz\u00f6sischen-Cognac-zu-Gast-article1042968.html\">General-Anzeiger Bonn<\/a> berichtete in seiner Ausgabe vom 02.05.2013.<br \/>\nBild: Frank Homann<\/p>\n","protected":false},"author":3,"featured_media":7728,"comment_status":"open","ping_status":"open","sticky":false,"template":"","format":"aside","meta":{"footnotes":""},"categories":[149],"tags":[],"class_list":["post-7729","post","type-post","status-publish","format-aside","has-post-thumbnail","hentry","category-149","post_format-post-format-aside"],"_links":{"self":[{"href":"https:\/\/www.koenigswinter-cognac.de\/index.php\/wp-json\/wp\/v2\/posts\/7729","targetHints":{"allow":["GET"]}}],"collection":[{"href":"https:\/\/www.koenigswinter-cognac.de\/index.php\/wp-json\/wp\/v2\/posts"}],"about":[{"href":"https:\/\/www.koenigswinter-cognac.de\/index.php\/wp-json\/wp\/v2\/types\/post"}],"author":[{"embeddable":true,"href":"https:\/\/www.koenigswinter-cognac.de\/index.php\/wp-json\/wp\/v2\/users\/3"}],"replies":[{"embeddable":true,"href":"https:\/\/www.koenigswinter-cognac.de\/index.php\/wp-json\/wp\/v2\/comments?post=7729"}],"version-history":[{"count":2,"href":"https:\/\/www.koenigswinter-cognac.de\/index.php\/wp-json\/wp\/v2\/posts\/7729\/revisions"}],"predecessor-version":[{"id":7731,"href":"https:\/\/www.koenigswinter-cognac.de\/index.php\/wp-json\/wp\/v2\/posts\/7729\/revisions\/7731"}],"wp:featuredmedia":[{"embeddable":true,"href":"https:\/\/www.koenigswinter-cognac.de\/index.php\/wp-json\/wp\/v2\/media\/7728"}],"wp:attachment":[{"href":"https:\/\/www.koenigswinter-cognac.de\/index.php\/wp-json\/wp\/v2\/media?parent=7729"}],"wp:term":[{"taxonomy":"category","embeddable":true,"href":"https:\/\/www.koenigswinter-cognac.de\/index.php\/wp-json\/wp\/v2\/categories?post=7729"},{"taxonomy":"post_tag","embeddable":true,"href":"https:\/\/www.koenigswinter-cognac.de\/index.php\/wp-json\/wp\/v2\/tags?post=7729"}],"curies":[{"name":"wp","href":"https:\/\/api.w.org\/{rel}","templated":true}]}}