{"id":7807,"date":"2008-09-27T16:11:33","date_gmt":"2008-09-27T14:11:33","guid":{"rendered":"http:\/\/www.koenigswinter-cognac.de\/Wordpress-2018\/?p=7807"},"modified":"2018-04-04T16:11:58","modified_gmt":"2018-04-04T14:11:58","slug":"auf-den-spuren-der-franzosen-in-koeln","status":"publish","type":"post","link":"https:\/\/www.koenigswinter-cognac.de\/index.php\/auf-den-spuren-der-franzosen-in-koeln\/","title":{"rendered":"Auf den Spuren der Franzosen in K\u00f6ln"},"content":{"rendered":"<p>Eine Gruppe des Partnerschaftsvereins K\u00f6nigswinter &#8211; Cognac begab sich nach K\u00f6ln auf die Spuren der Franzosen. Man glaubt gar nicht, an wie vielen interessanten Dingen wir vorbeigelaufen w\u00e4ren, g\u00e4be es nicht Herrn Wolter als sachkundigen F\u00fchrer, der uns darauf aufmerksam machte und mit Informationen und Details versorgte. Der <a href=\"http:\/\/www.general-anzeiger-bonn.de\/region\/Auf-den-Spuren-der-Franzosen-article241913.html\">General-Anzeiger Bonn<\/a> berichtete.<\/p>\n","protected":false},"excerpt":{"rendered":"<p>Eine Gruppe des Partnerschaftsvereins K\u00f6nigswinter &#8211; Cognac begab sich nach K\u00f6ln auf die Spuren der Franzosen. Man glaubt gar nicht, an wie vielen interessanten Dingen wir vorbeigelaufen w\u00e4ren, g\u00e4be es nicht Herrn Wolter als sachkundigen F\u00fchrer, der uns darauf aufmerksam machte und mit Informationen und Details versorgte. Der <a href=\"http:\/\/www.general-anzeiger-bonn.de\/region\/Auf-den-Spuren-der-Franzosen-article241913.html\">General-Anzeiger Bonn<\/a> berichtete.<\/p>\n","protected":false},"author":3,"featured_media":7806,"comment_status":"open","ping_status":"open","sticky":false,"template":"","format":"aside","meta":{"footnotes":""},"categories":[144],"tags":[],"class_list":["post-7807","post","type-post","status-publish","format-aside","has-post-thumbnail","hentry","category-144","post_format-post-format-aside"],"_links":{"self":[{"href":"https:\/\/www.koenigswinter-cognac.de\/index.php\/wp-json\/wp\/v2\/posts\/7807","targetHints":{"allow":["GET"]}}],"collection":[{"href":"https:\/\/www.koenigswinter-cognac.de\/index.php\/wp-json\/wp\/v2\/posts"}],"about":[{"href":"https:\/\/www.koenigswinter-cognac.de\/index.php\/wp-json\/wp\/v2\/types\/post"}],"author":[{"embeddable":true,"href":"https:\/\/www.koenigswinter-cognac.de\/index.php\/wp-json\/wp\/v2\/users\/3"}],"replies":[{"embeddable":true,"href":"https:\/\/www.koenigswinter-cognac.de\/index.php\/wp-json\/wp\/v2\/comments?post=7807"}],"version-history":[{"count":2,"href":"https:\/\/www.koenigswinter-cognac.de\/index.php\/wp-json\/wp\/v2\/posts\/7807\/revisions"}],"predecessor-version":[{"id":7809,"href":"https:\/\/www.koenigswinter-cognac.de\/index.php\/wp-json\/wp\/v2\/posts\/7807\/revisions\/7809"}],"wp:featuredmedia":[{"embeddable":true,"href":"https:\/\/www.koenigswinter-cognac.de\/index.php\/wp-json\/wp\/v2\/media\/7806"}],"wp:attachment":[{"href":"https:\/\/www.koenigswinter-cognac.de\/index.php\/wp-json\/wp\/v2\/media?parent=7807"}],"wp:term":[{"taxonomy":"category","embeddable":true,"href":"https:\/\/www.koenigswinter-cognac.de\/index.php\/wp-json\/wp\/v2\/categories?post=7807"},{"taxonomy":"post_tag","embeddable":true,"href":"https:\/\/www.koenigswinter-cognac.de\/index.php\/wp-json\/wp\/v2\/tags?post=7807"}],"curies":[{"name":"wp","href":"https:\/\/api.w.org\/{rel}","templated":true}]}}