{"id":7921,"date":"2018-06-11T20:26:30","date_gmt":"2018-06-11T18:26:30","guid":{"rendered":"http:\/\/www.koenigswinter-cognac.de\/?p=7921"},"modified":"2018-07-16T21:57:41","modified_gmt":"2018-07-16T19:57:41","slug":"besuch-aus-cognac-in-koenigswinter","status":"publish","type":"post","link":"https:\/\/www.koenigswinter-cognac.de\/index.php\/besuch-aus-cognac-in-koenigswinter\/","title":{"rendered":"Besuch aus Cognac in K\u00f6nigswinter"},"content":{"rendered":"<p>Blitz, Donner und Regeng\u00fcsse fehlten nicht beim diesj\u00e4hrigen Besuch der Franzosen aus der Partnerstadt Cognac. Meist aber schien mehr oder weniger die Sonne, w\u00e4hrend die Franzosen ihr abwechslungsreiches Besuchsprogramm absolvierten.<\/p>\n<p>Chantal Raimond ist in Cognac f\u00fcr die Partnerschaft verantwortlich; sie muss nach vielen erlebnisreichen Reisen nach K\u00f6nigswinter schon nach Ausflugszielen im Rheinland suchen, die f\u00fcr die Franzosen neu sind. Dabei war sie sehr erfolgreich: es ging diesmal nach Essen zur Zeche Zollverein, ins Herz der deutschen Industriegeschichte, am folgenden Tag dann zum Geysir von Andernach und anschlie\u00dfend zur Abteikirche nach Maria Laach. Schlie\u00dflich besuchte die Gruppe Schloss Augustusburg in Br\u00fchl \u2013 ein Kontrastprogramm zur Industrie im Ruhrgebiet und dem Naturwunder bei Andernach.<\/p>\n<p><a href=\"https:\/\/www.koenigswinter-cognac.de\/wp-content\/uploads\/2018\/06\/20180609-Schloss-Augustusburg.jpg\"><img loading=\"lazy\" decoding=\"async\" class=\"aligncenter size-full wp-image-7924\" src=\"https:\/\/www.koenigswinter-cognac.de\/wp-content\/uploads\/2018\/06\/20180609-Schloss-Augustusburg.jpg\" alt=\"\" width=\"730\" height=\"485\" srcset=\"https:\/\/www.koenigswinter-cognac.de\/wp-content\/uploads\/2018\/06\/20180609-Schloss-Augustusburg.jpg 730w, https:\/\/www.koenigswinter-cognac.de\/wp-content\/uploads\/2018\/06\/20180609-Schloss-Augustusburg-300x199.jpg 300w\" sizes=\"auto, (max-width: 730px) 100vw, 730px\" \/><\/a><\/p>\n<p>Vor dem Schloss Augustusburg in Br\u00fchl sind die Cognacer durch ihr Bleu-Blanc-Rouge-Outfit direkt als Franzosen erkennbar.<\/p>\n<p>Auf einer Stadtrundfahrt durch Bonn vom Hofgarten bis Godesberg erfuhren die Franzosen viel \u00fcber die Nachkriegsgeschichte der Ex-Bundeshauptstadt. Sie konnten dabei auch die imposante Stahlskulptur \u201aArc\u201989\u2019 des Franzosen Bernard Venet auf dem Helmut Schmidt-Platz ansehen.<\/p>\n<p>Das gemeinsame Essen der Franzosen und ihrer deutschen Gastgeber fand dieses Jahr im Haus Schlesien statt; hier wurden die G\u00e4ste auch von B\u00fcrgermeister Peter Wirtz willkommen gehei\u00dfen. Wirtz fand hier Gelegenheit zu einem intensiven Gedankenaustausch mit seinem Cognacer B\u00fcrgermeisterkollegen Michel Gourinchas, der Mitglied der Reisegruppe war.<\/p>\n<p>2019 feiert die Partnerschaft ihren 30j\u00e4hrigen Geburtstag \u2013 dieses Jubil\u00e4um wird in Cognac stattfinden, weil turnusm\u00e4\u00dfig im n\u00e4chsten Jahr die K\u00f6nigswinterer auf Reisen gehen. Die K\u00f6nigswinterer bleiben indes nicht unt\u00e4tig: sie werden sich an der Sammlung von Ideen f\u00fcr die Jubil\u00e4umsfeier rege beteiligen.<\/p>\n<p>Hilke Andreae-Hinrichs<\/p>\n<p>&nbsp;<\/p>\n<p>Die <a href=\"https:\/\/www.koenigswinter-cognac.de\/wp-content\/uploads\/2018\/06\/20180613-Bonner-Rundschau-Partnerschaft-Cognac.pdf\">Bonner Rundschau<\/a> berichtete in ihrer Ausgabe vom 13. Juni 2018, der <a href=\"http:\/\/www.general-anzeiger-bonn.de\/region\/siebengebirge\/koenigswinter\/Jubil%C3%A4um-steht-vor-der-T%C3%BCr-article3901510.html\">General-Anzeiger Bonn<\/a> am 10. Juli 2018.<\/p>\n","protected":false},"excerpt":{"rendered":"<p>Blitz, Donner und Regeng\u00fcsse fehlten nicht beim diesj\u00e4hrigen Besuch der Franzosen aus der Partnerstadt Cognac. Meist aber schien mehr oder weniger die Sonne, w\u00e4hrend die Franzosen ihr abwechslungsreiches Besuchsprogramm absolvierten.<br \/>\nChantal Raimond ist in Cognac f\u00fcr die Partnerschaft verantwortlich; sie muss nach vielen erlebnisreichen Reisen nach K\u00f6nigswinter schon nach Ausflugszielen im Rheinland suchen, die f\u00fcr die Franzosen neu sind. Dabei war sie sehr erfolgreich: es ging diesmal nach Essen zur Zeche Zollverein, ins Herz der deutschen Industriegeschichte, am folgenden Tag dann zum Geysir von Andernach und anschlie\u00dfend zur Abteikirche nach Maria Laach. Schlie\u00dflich besuchte die Gruppe Schloss Augustusburg in Br\u00fchl \u2013 ein Kontrastprogramm zur Industrie im Ruhrgebiet und dem Naturwunder bei Andernach.<br \/>\n<a href=\"https:\/\/www.koenigswinter-cognac.de\/wp-content\/uploads\/2018\/06\/20180609-Schloss-Augustusburg.jpg\"><\/a><br \/>\nVor dem Schloss Augustusburg in Br\u00fchl sind die Cognacer durch ihr Bleu-Blanc-Rouge-Outfit direkt als Franzosen erkennbar.<br \/>\nAuf einer Stadtrundfahrt durch Bonn vom Hofgarten bis Godesberg erfuhren die Franzosen viel \u00fcber die Nachkriegsgeschichte der Ex-Bundeshauptstadt. Sie konnten dabei auch die imposante Stahlskulptur \u201aArc\u201989\u2019 des Franzosen Bernard Venet auf dem Helmut Schmidt-Platz ansehen.<br \/>\nDas gemeinsame Essen der Franzosen und ihrer deutschen Gastgeber fand dieses Jahr im Haus Schlesien statt; hier wurden die G\u00e4ste auch von B\u00fcrgermeister Peter Wirtz willkommen gehei\u00dfen. Wirtz fand hier Gelegenheit zu einem intensiven Gedankenaustausch mit seinem Cognacer B\u00fcrgermeisterkollegen Michel Gourinchas, der Mitglied der Reisegruppe war.<br \/>\n2019 feiert die Partnerschaft ihren 30j\u00e4hrigen Geburtstag \u2013 dieses Jubil\u00e4um wird in Cognac stattfinden, weil turnusm\u00e4\u00dfig im n\u00e4chsten Jahr die K\u00f6nigswinterer auf Reisen gehen. Die K\u00f6nigswinterer bleiben indes nicht unt\u00e4tig: sie werden sich an der Sammlung von Ideen f\u00fcr die Jubil\u00e4umsfeier rege beteiligen.<br \/>\nHilke Andreae-Hinrichs<br \/>\n&nbsp;<br \/>\nDie <a href=\"https:\/\/www.koenigswinter-cognac.de\/wp-content\/uploads\/2018\/06\/20180613-Bonner-Rundschau-Partnerschaft-Cognac.pdf\">Bonner Rundschau<\/a> berichtete in ihrer Ausgabe vom 13. Juni 2018, der <a href=\"http:\/\/www.general-anzeiger-bonn.de\/region\/siebengebirge\/koenigswinter\/Jubil%C3%A4um-steht-vor-der-T%C3%BCr-article3901510.html\">General-Anzeiger Bonn<\/a> am 10. Juli 2018.<\/p>\n","protected":false},"author":3,"featured_media":7920,"comment_status":"open","ping_status":"open","sticky":false,"template":"","format":"aside","meta":{"footnotes":""},"categories":[143,136],"tags":[],"class_list":["post-7921","post","type-post","status-publish","format-aside","has-post-thumbnail","hentry","category-143","category-neuigkeiten","post_format-post-format-aside"],"_links":{"self":[{"href":"https:\/\/www.koenigswinter-cognac.de\/index.php\/wp-json\/wp\/v2\/posts\/7921","targetHints":{"allow":["GET"]}}],"collection":[{"href":"https:\/\/www.koenigswinter-cognac.de\/index.php\/wp-json\/wp\/v2\/posts"}],"about":[{"href":"https:\/\/www.koenigswinter-cognac.de\/index.php\/wp-json\/wp\/v2\/types\/post"}],"author":[{"embeddable":true,"href":"https:\/\/www.koenigswinter-cognac.de\/index.php\/wp-json\/wp\/v2\/users\/3"}],"replies":[{"embeddable":true,"href":"https:\/\/www.koenigswinter-cognac.de\/index.php\/wp-json\/wp\/v2\/comments?post=7921"}],"version-history":[{"count":5,"href":"https:\/\/www.koenigswinter-cognac.de\/index.php\/wp-json\/wp\/v2\/posts\/7921\/revisions"}],"predecessor-version":[{"id":7944,"href":"https:\/\/www.koenigswinter-cognac.de\/index.php\/wp-json\/wp\/v2\/posts\/7921\/revisions\/7944"}],"wp:featuredmedia":[{"embeddable":true,"href":"https:\/\/www.koenigswinter-cognac.de\/index.php\/wp-json\/wp\/v2\/media\/7920"}],"wp:attachment":[{"href":"https:\/\/www.koenigswinter-cognac.de\/index.php\/wp-json\/wp\/v2\/media?parent=7921"}],"wp:term":[{"taxonomy":"category","embeddable":true,"href":"https:\/\/www.koenigswinter-cognac.de\/index.php\/wp-json\/wp\/v2\/categories?post=7921"},{"taxonomy":"post_tag","embeddable":true,"href":"https:\/\/www.koenigswinter-cognac.de\/index.php\/wp-json\/wp\/v2\/tags?post=7921"}],"curies":[{"name":"wp","href":"https:\/\/api.w.org\/{rel}","templated":true}]}}